[{"@context":"https:\/\/schema.org\/","@type":"Article","@id":"https:\/\/www.webshot.cz\/8-rad-pro-krasne-a-zdrave-vlasy-i-v-lete\/#Article","mainEntityOfPage":"https:\/\/www.webshot.cz\/8-rad-pro-krasne-a-zdrave-vlasy-i-v-lete\/","headline":"8 rad pro kr\u00e1sn\u00e9 a zdrav\u00e9 vlasy i v l\u00e9t\u011b","name":"8 rad pro kr\u00e1sn\u00e9 a zdrav\u00e9 vlasy i v l\u00e9t\u011b","description":"1. Pou\u017e\u00edvejte ochrann\u00e9 prost\u0159edky V\u00a0dne\u0161n\u00ed dob\u011b je na trhu cel\u00e1 spousta ochrann\u00fdch p\u0159\u00edpravk\u016f, kter\u00e9 vlasy chr\u00e1n\u00ed jak p\u0159ed slune\u010dn\u00edm z\u00e1\u0159en\u00edm, tak p\u0159ed chlorovanou \u010di slanou mo\u0159skou vodou. Tyto p\u0159\u00edpravky jsou nej\u010dast\u011bji ve form\u011b spreje, kter\u00fd snadno nast\u0159\u00edk\u00e1te do vlas\u016f a m\u016f\u017eete vyrazit na slunce \u010di do vody. Nesm\u00edte ale zapomenout p\u0159\u00edpravky pou\u017e\u00edt i n\u011bkolikr\u00e1t denn\u011b,... <div class=\"read-more navbutton\"><a href=\"https:\/\/www.webshot.cz\/8-rad-pro-krasne-a-zdrave-vlasy-i-v-lete\/\">\u010c\u00edst v\u00edce<i class=\"fa fa-angle-double-right\"><\/i><\/a><\/div>","datePublished":"2025-02-26","dateModified":"2023-04-27","author":{"@type":"Person","@id":"https:\/\/www.webshot.cz\/author\/devene\/#Person","name":"webshot.cz","url":"https:\/\/www.webshot.cz\/author\/devene\/","identifier":1,"image":{"@type":"ImageObject","@id":"https:\/\/secure.gravatar.com\/avatar\/664d9cd24f58d4d0b526991e1fec4656a216f6db124bbd66c69ade0e846d4f16?s=96&d=mm&r=g","url":"https:\/\/secure.gravatar.com\/avatar\/664d9cd24f58d4d0b526991e1fec4656a216f6db124bbd66c69ade0e846d4f16?s=96&d=mm&r=g","height":96,"width":96}},"publisher":{"@type":"Organization","name":"webshot.cz","logo":{"@type":"ImageObject","@id":"\/logo.png","url":"\/logo.png","width":600,"height":60}},"image":{"@type":"ImageObject","@id":"https:\/\/www.webshot.cz\/wp-content\/uploads\/img_a291196_w1740_t1503945285.jpg","url":"https:\/\/www.webshot.cz\/wp-content\/uploads\/img_a291196_w1740_t1503945285.jpg","height":0,"width":0},"url":"https:\/\/www.webshot.cz\/8-rad-pro-krasne-a-zdrave-vlasy-i-v-lete\/","about":["Kr\u00e1sa"],"wordCount":701,"articleBody":"\t1. Pou\u017e\u00edvejte ochrann\u00e9 prost\u0159edkyV\u00a0dne\u0161n\u00ed dob\u011b je na trhu cel\u00e1 spousta ochrann\u00fdch p\u0159\u00edpravk\u016f, kter\u00e9 vlasy chr\u00e1n\u00ed jak p\u0159ed slune\u010dn\u00edm z\u00e1\u0159en\u00edm, tak p\u0159ed chlorovanou \u010di slanou mo\u0159skou vodou. Tyto p\u0159\u00edpravky jsou nej\u010dast\u011bji ve form\u011b spreje, kter\u00fd snadno nast\u0159\u00edk\u00e1te do vlas\u016f a m\u016f\u017eete vyrazit na slunce \u010di do vody. Nesm\u00edte ale zapomenout p\u0159\u00edpravky pou\u017e\u00edt i n\u011bkolikr\u00e1t denn\u011b, pokud jsme vystaveni p\u0159\u00edm\u00e9mu slunci. Po ka\u017ed\u00e9m namo\u010den\u00ed vlas\u016f v\u00a0chlorovan\u00e9 \u010di mo\u0159sk\u00e9 vod\u011b je tak\u00e9 velmi vhodn\u00e9 pou\u017e\u00edt tento p\u0159\u00edpravek znovu.\u00a0\t2. Noste klobouk \u010di jinou pokr\u00fdvku hlavyA\u010d se to mo\u017en\u00e1 nezd\u00e1, tak stejn\u011b jako na\u0161e poko\u017eka t\u011bla, tak i poko\u017eka hlavy a vlasy trp\u00ed pod p\u0159\u00edm\u00fdmi slune\u010dn\u00edmi paprsky. Noste proto klobouk nebo jinou pokr\u00fdvku hlavy, nap\u0159\u00edklad k\u0161iltovku, pokud jste sp\u00ed\u0161e sportovn\u00ed typ. Krom\u011b toho, \u017ee V\u00e1s pokr\u00fdvka hlavy ochr\u00e1n\u00ed p\u0159ed slune\u010dn\u00edmi paprsky, budete vypadat skv\u011ble a \u0161ik. Klobouky jsou velk\u00fdm m\u00f3dn\u00edm hitem.\u00a0\t3. Vym\u00fdvejte vlasy \u010distou vodouChlorovan\u00e1 \u010di slan\u00e1 mo\u0159sk\u00e1 voda m\u00e1 na Va\u0161e vlasy velmi negativn\u00ed \u00fa\u010dinky. Nejen, \u017ee je vysu\u0161uje, ale tak\u00e9 mohou b\u00fdt pak v\u00edce l\u00e1mav\u00e9 a slab\u00e9. Proto po ka\u017ed\u00e9 n\u00e1v\u0161t\u011bv\u011b koupali\u0161t\u011b \u010di mo\u0159e vlasy propl\u00e1chn\u011bte \u010distou vodou. Zbav\u00edte se tak tak\u00e9 ne\u010distot, jako je nap\u0159\u00edklad p\u00edsek z\u00a0pl\u00e1\u017ee, kter\u00fd ve vlasech nemaj\u00ed co d\u011blat. K\u00a0tomuto \u00fa\u010delu velmi dob\u0159e poslou\u017e\u00ed nap\u0159\u00edklad sprchy na pl\u00e1\u017e\u00edch a koupali\u0161t\u00edch, kde si vlasy m\u016f\u017eete rovnou propl\u00e1chnout.\u00a0\t4. \u010cesat, \u010desat, \u010desatNikdy nenech\u00e1vejte vlasy \u00fapln\u011b uschnout neu\u010desan\u00e9. Pokud si vlasy namo\u010d\u00edte ve slan\u00e9 nebo chlorovan\u00e9 vod\u011b a nech\u00e1te je voln\u011b uschnout bez roz\u010des\u00e1n\u00ed. Vlasy proto pravideln\u011b roz\u010des\u00e1vejte jemn\u00fdm kart\u00e1\u010dem, kter\u00fd V\u00e1m nav\u00edc umo\u017en\u00ed z\u00a0vlas\u016f vy\u010desat ne\u017e\u00e1douc\u00ed ne\u010distoty. Jako pomocn\u00edka si m\u016f\u017eete po\u0159\u00eddit kondicion\u00e9r bez oplachov\u00e1n\u00ed, kter\u00fd V\u00e1m umo\u017en\u00ed vlasy sn\u00e1ze roz\u010desat. T\u011bchto p\u0159\u00edpravk\u016f je na trhu cel\u00e1 spousta.\t\u00a0\t5. Pou\u017e\u00edvejte speci\u00e1ln\u00ed \u0161amponyP\u0159i myt\u00ed vlas\u016f pou\u017e\u00edvejte speci\u00e1ln\u00ed \u0161ampony, kter\u00e9 jsou jemn\u00e9 jak pro poko\u017eku hlavy, tak pro Va\u0161e vlasy. Maj\u00ed specifick\u00e9 slo\u017een\u00ed, kter\u00e9 dod\u00e1 vlas\u016fm pot\u0159ebnou hydrataci a vlasy z\u00e1rove\u0148 chr\u00e1n\u00ed. Na trhu je op\u011bt cel\u00e1 \u0159ada takov\u00fdch \u0161ampon\u016f, sta\u010d\u00ed si vybrat.\t\u00a0\t6. Speci\u00e1ln\u00ed p\u00e9\u010deTak jako v\u00a0p\u0159\u00edpad\u011b \u0161ampon\u016f, existuje cel\u00e1 \u0159ada masek a kondicion\u00e9r\u016f na vlasy, ur\u010den\u00fdch pr\u00e1v\u011b pro letn\u00ed obdob\u00ed. Kondicion\u00e9ry by se m\u011bly pou\u017e\u00edt po ka\u017ed\u00e9m myt\u00ed, masky pak jednou a\u017e dvakr\u00e1t t\u00fddn\u011b. Pokud nefand\u00edte kupovan\u00fdm mask\u00e1m, m\u016f\u017eete vyzkou\u0161et ov\u011b\u0159en\u00fd z\u00e1bal z\u00a0olivov\u00e9ho oleje. Tento z\u00e1bal dod\u00e1 vlas\u016fm pot\u0159ebnou jemnost, hebkost a vlasy hydratuje.\u00a0\t7. P\u00e9\u010de zevnit\u0159Krom\u011b p\u00e9\u010de o vlasy zven\u010d\u00ed, m\u016f\u017eete vyu\u017e\u00edt p\u00e9\u010di zevnit\u0159. Tedy r\u016fzn\u00e9 vitaminov\u00e9 prost\u0159edky, kter\u00e9 pom\u00e1haj\u00ed udr\u017eet vlasy siln\u00e9, pevn\u00e9 a zdrav\u00e9. Jedn\u00e1 se zejm\u00e9na o vitam\u00edny A, B, B3, B12, C, E. D\u016fle\u017eit\u00fd je tak\u00e9 p\u0159\u00edsun miner\u00e1l\u016f, konkr\u00e9tn\u011b \u017eeleza a zinku.\u00a0\t8. Barven\u00ed v\u00a0l\u00e9t\u011b?Barven\u00ed vlas\u016f v\u00a0l\u00e9t\u011b je velmi specifick\u00e1 a individu\u00e1ln\u00ed z\u00e1le\u017eitost. V\u00a0dne\u0161n\u00ed dob\u011b ji\u017e existuj\u00ed barvy na vlasy, kter\u00e9 maj\u00ed uzp\u016fsoben\u00e9 slo\u017een\u00ed tak, aby vlasy chr\u00e1nily p\u0159ed vn\u011bj\u0161\u00edmi vlivy. Na druhou stranu ale barven\u00ed \u010di odbarvov\u00e1n\u00ed vlas\u016f m\u016f\u017ee vlasy velmi oslabit, co\u017e pr\u00e1v\u011b v\u00a0letn\u00edm obdob\u00ed nen\u00ed p\u0159\u00edli\u0161 ide\u00e1ln\u00ed. Dal\u0161\u00edm probl\u00e9mem je, \u017ee barva z\u00a0vlas\u016f se v\u00a0l\u00e9t\u011b mnohem v\u00edce ztr\u00e1c\u00ed a vybled\u00e1, a to zejm\u00e9na vlivem slune\u010dn\u00edho z\u00e1\u0159en\u00ed, chlorovan\u00e9 a slan\u00e9 vody. Nejlep\u0161\u00edm rozhodnut\u00ed je v\u00a0tomto ohledu, poradit se se svou kade\u0159nic\u00ed.                                                                                                                                                                                                                                                                                                                                                                                        3\/5 - (4 votes)        "},{"@context":"https:\/\/schema.org\/","@type":"BreadcrumbList","itemListElement":[{"@type":"ListItem","position":1,"name":"8 rad pro kr\u00e1sn\u00e9 a zdrav\u00e9 vlasy i v l\u00e9t\u011b","item":"https:\/\/www.webshot.cz\/8-rad-pro-krasne-a-zdrave-vlasy-i-v-lete\/#breadcrumbitem"}]}]