[{"@context":"https:\/\/schema.org\/","@type":"Article","@id":"https:\/\/www.webshot.cz\/modni-trend-ktery-zenam-opravdu-svedci\/#Article","mainEntityOfPage":"https:\/\/www.webshot.cz\/modni-trend-ktery-zenam-opravdu-svedci\/","headline":"M\u00f3dn\u00ed trend, kter\u00fd \u017een\u00e1m opravdu sv\u011bd\u010d\u00ed","name":"M\u00f3dn\u00ed trend, kter\u00fd \u017een\u00e1m opravdu sv\u011bd\u010d\u00ed","description":"Ur\u010dit\u011b si v\u0161echny z n\u00e1s pamatuj\u00ed nejr\u016fzn\u011bj\u0161\u00ed m\u00f3dn\u00ed trendy a v\u00fdst\u0159elky. A\u0165 u\u017e se jedn\u00e1 o vlasy, oble\u010den\u00ed \u010di nejr\u016fzn\u011bj\u0161\u00ed kosmetick\u00e9 \u00fapravy, s jistotou v\u0161echny uzn\u00e1me, \u017ee n\u011bkter\u00e9 m\u00f3dn\u00ed trendy byly velmi vkusn\u00e9 a n\u011bkter\u00e9 naopak nevkusn\u00e9 a u\u017e nikdy bychom do takov\u00fdch extr\u00e9m\u016f neza\u0161li. M\u00f3dn\u00ed trendy najdeme opravdu snad v ka\u017ed\u00e9m odv\u011btv\u00ed a kdy\u017e... <div class=\"read-more navbutton\"><a href=\"https:\/\/www.webshot.cz\/modni-trend-ktery-zenam-opravdu-svedci\/\">\u010c\u00edst v\u00edce<i class=\"fa fa-angle-double-right\"><\/i><\/a><\/div>","datePublished":"2019-12-14","dateModified":"2023-04-27","author":{"@type":"Person","@id":"https:\/\/www.webshot.cz\/author\/devene\/#Person","name":"webshot.cz","url":"https:\/\/www.webshot.cz\/author\/devene\/","identifier":1,"image":{"@type":"ImageObject","@id":"https:\/\/secure.gravatar.com\/avatar\/664d9cd24f58d4d0b526991e1fec4656a216f6db124bbd66c69ade0e846d4f16?s=96&d=mm&r=g","url":"https:\/\/secure.gravatar.com\/avatar\/664d9cd24f58d4d0b526991e1fec4656a216f6db124bbd66c69ade0e846d4f16?s=96&d=mm&r=g","height":96,"width":96}},"publisher":{"@type":"Organization","name":"webshot.cz","logo":{"@type":"ImageObject","@id":"\/logo.png","url":"\/logo.png","width":600,"height":60}},"image":{"@type":"ImageObject","@id":"https:\/\/www.webshot.cz\/wp-content\/uploads\/img_a369867_w1740_t1581835369.jpg","url":"https:\/\/www.webshot.cz\/wp-content\/uploads\/img_a369867_w1740_t1581835369.jpg","height":0,"width":0},"url":"https:\/\/www.webshot.cz\/modni-trend-ktery-zenam-opravdu-svedci\/","about":["Kr\u00e1sa"],"wordCount":426,"articleBody":"      Ur\u010dit\u011b si v\u0161echny z n\u00e1s pamatuj\u00ed nejr\u016fzn\u011bj\u0161\u00ed m\u00f3dn\u00ed trendy a v\u00fdst\u0159elky. A\u0165 u\u017e se jedn\u00e1 o vlasy, oble\u010den\u00ed \u010di nejr\u016fzn\u011bj\u0161\u00ed kosmetick\u00e9 \u00fapravy, s jistotou v\u0161echny uzn\u00e1me, \u017ee n\u011bkter\u00e9 m\u00f3dn\u00ed trendy byly velmi vkusn\u00e9 a n\u011bkter\u00e9 naopak nevkusn\u00e9 a u\u017e nikdy bychom do takov\u00fdch extr\u00e9m\u016f neza\u0161li. M\u00f3dn\u00ed trendy najdeme opravdu snad v ka\u017ed\u00e9m odv\u011btv\u00ed a kdy\u017e se na sebe pod\u00edv\u00e1me do zrcadla, zjist\u00edme, \u017ee snad na v\u0161em by se dal naj\u00edt n\u011bjak\u00fd m\u00f3dn\u00ed trend nebo n\u011bco, co zrovna v\u0161ichni kolem tzv. nos\u00ed.  Pokud se jedn\u00e1 o takov\u00e9 obo\u010d\u00ed, tak rok, co rok p\u0159ich\u00e1z\u00ed s nejr\u016fzn\u011bj\u0161\u00edmi etapami m\u00f3dn\u00edch trend\u016f, kter\u00e9 bohu\u017eel ne v\u017edy byly skv\u011bl\u00fdm n\u00e1padem.  Jist\u011b si v\u0161echny zavzpom\u00edn\u00e1me p\u00e1r let zp\u00e1tky, kdy bylo v m\u00f3d\u011b vytrhat si sv\u00e9 obo\u010d\u00ed a\u017e do t\u00e9 nejten\u010d\u00ed a nejdecentn\u011bj\u0161\u00ed linky, kter\u00e1 sice p\u016fsobila velmi elegantn\u011b, ale z\u00e1rove\u0148 velmi nevkusn\u011b. Ve v\u011bt\u0161in\u011b p\u0159\u00edpad\u016f to opravdu nebyl ten nejlep\u0161\u00ed kosmetick\u00fd v\u00fdst\u0159elek, tak m\u016f\u017eeme b\u00fdt r\u00e1di, \u017ee v dne\u0161n\u00ed dob\u011b let\u00ed mnohem n\u011bco jin\u00e9ho a my si tak m\u016f\u017eeme dop\u0159\u00e1t trochu  p\u0159irozen\u00e9ho o vzhledu, kter\u00fd n\u00e1m \u017een\u00e1m ov\u0161em slu\u0161\u00ed nejv\u00edce! Dnes m\u016f\u017eeme vid\u011bt, jak si spousta \u017een nech\u00e1v\u00e1 sv\u00e9 obo\u010d\u00ed tetovat, r\u016fzn\u011b domalov\u00e1vat, proto\u017ee jim na ur\u010dit\u00fdch m\u00edstech prost\u011b neroste. My V\u00e1m ale zaru\u010d\u00edme, \u017ee k tak dokonal\u00e9mu vzhledu nepot\u0159ebujete \u017e\u00e1dn\u00e9 tetovac\u00ed studia a ani p\u0159edra\u017een\u00e9 sal\u00f3ny.  K tomu abyste mohli Va\u0161im p\u0159irozen\u00fdm vzhledem okouzlit i okol\u00ed a kone\u010dn\u011b byla spokojen\u00e1 sama se sebou, V\u00e1m bude sta\u010dit na\u0161e speci\u00e1ln\u00ed s\u00e9rum na r\u016fst obo\u010d\u00ed, d\u00edky kter\u00e9mu doc\u00edl\u00edte p\u0159esn\u011b takov\u00e9ho dokonal\u00e9ho a p\u0159irozen\u00e9ho vzhledu, po kter\u00e9m tou\u017e\u00edte a kter\u00fd V\u00e1m nevytvo\u0159\u00ed ani ten nejdra\u017e\u0161\u00ed sal\u00f3n nebo to nejlep\u0161\u00ed tetovac\u00ed studio \u0161iroko daleko. Vyzkou\u0161ejte prvot\u0159\u00eddn\u00ed v\u00fdrobek, kter\u00fd je vyroben z t\u011bch nejlep\u0161\u00edch v\u00fdta\u017ek\u016f a l\u00e1tek a uvid\u00edte sama, \u017ee V\u00e1\u0161 p\u0159irozen\u00fd vzhled je p\u0159esn\u011b to, co jste k dokonalosti pot\u0159ebovala a d\u00edky \u010demu se budete c\u00edtit naprosto skv\u011ble.                                                                                                                                                                                                                                                                                                                                                                                          3.7\/5 - (7 votes)        "},{"@context":"https:\/\/schema.org\/","@type":"BreadcrumbList","itemListElement":[{"@type":"ListItem","position":1,"name":"M\u00f3dn\u00ed trend, kter\u00fd \u017een\u00e1m opravdu sv\u011bd\u010d\u00ed","item":"https:\/\/www.webshot.cz\/modni-trend-ktery-zenam-opravdu-svedci\/#breadcrumbitem"}]}]